{"id":4597,"date":"2026-04-21T16:17:58","date_gmt":"2026-04-21T16:17:58","guid":{"rendered":"https:\/\/normaleskildsen.mx\/eduprimaria\/?p=4597"},"modified":"2026-04-30T16:44:05","modified_gmt":"2026-04-30T16:44:05","slug":"inicio-de-semana-con-orgullo-y-respeto","status":"publish","type":"post","link":"https:\/\/normaleskildsen.mx\/eduprimaria\/inicio-de-semana-con-orgullo-y-respeto\/","title":{"rendered":"Inicio de semana con orgullo y respeto"},"content":{"rendered":"\n<p class=\"has-tiny-font-size\" style=\"padding-top:var(--wp--preset--spacing--30);padding-bottom:var(--wp--preset--spacing--30)\">El lunes 20 de abril de 2026, la comunidad de la Escuela Normal de Educaci\u00f3n Primaria \u201cRosario Mar\u00eda Guti\u00e9rrez Eskildsen\u201d se reuni\u00f3 para llevar a cabo el tradicional acto c\u00edvico, un espacio que fortalece los valores de identidad, respeto y compromiso.<\/p>\n\n\n\n<p>En esta ocasi\u00f3n, estudiantes de sexto semestre, grupo C, fueron los encargados de rendir honores a nuestro l\u00e1baro patrio, mostrando disciplina y sentido de pertenencia en cada uno de los momentos del programa.<\/p>\n\n\n\n<p>Durante la ceremonia se realizaron actividades significativas. El juramento a la Bandera estuvo a cargo de Osvaldo Castellanos Rodr\u00edguez. El Himno Nacional Mexicano fue entonado bajo la direcci\u00f3n de V\u00edctor Juli\u00e1n Ram\u00edrez Salvador y Erick Alexander Maga\u00f1a Campos. Las efem\u00e9rides de la semana fueron presentadas por Emmanuel Cruz Acosta, Mariana Delgado Mariscal y Rodrigo Jim\u00e9nez P\u00e9rez. Asimismo, se llev\u00f3 a cabo la interpretaci\u00f3n del Himno Normalista por Rosselen Hern\u00e1ndez Hern\u00e1ndez y Mar\u00eda Fernanda Valencia Garc\u00eda.<\/p>\n\n\n\n<p>La conducci\u00f3n del programa estuvo a cargo de G\u00e9nesis del Carmen Peralta L\u00f3pez y Rafael Hern\u00e1ndez Zamora, bajo la gu\u00eda de la asesora Dra. Claudia Le\u00f3n Rodr\u00edguez. El acto cont\u00f3 tambi\u00e9n con las palabras y orientaciones del subdirector administrativo, Dr. Alfonso Serra Dom\u00ednguez.<\/p>\n\n\n\n<p class=\"has-tiny-font-size\" style=\"padding-top:var(--wp--preset--spacing--30);padding-bottom:var(--wp--preset--spacing--30)\">Este tipo de actividades reafirma el sentido formativo de la vida institucional, al promover la participaci\u00f3n activa y el fortalecimiento de valores en la comunidad normalista.<\/p>\n\n\n\n<p class=\"has-tiny-font-size\" style=\"padding-top:var(--wp--preset--spacing--30);padding-bottom:var(--wp--preset--spacing--30)\">&#8220;Por el Saber, la Libertad.&#8221;<\/p>\n\n\n\n<div class=\"wp-block-essential-blocks-shape-divider  root-eb-shape-divider-bv2i6\"><div class=\"eb-parent-wrapper eb-parent-eb-shape-divider-bv2i6 \"><div class=\"eb-shape-divider-wrapper eb-shape-divider-bv2i6\"><div class=\"eb-shape-divider eb-shape-divider-top\" data-shape=\"style_1\" data-negative=\"false\"><svg xmlns=\"http:\/\/www.w3.org\/2000\/svg\" fill=\"none\" viewBox=\"0 0 1000 100\" preserveAspectRatio=\"none\"><g clip-path=\"url(#eb-shape-divider-ocean-wave)\"><path class=\"eb-shape-divider-fill\" fill=\"#715AFF\" d=\"M0 97.79S101.82-.97 283.17 5.23c203.09 0 290.46 94.4 716.83 94.4V0H0v97.79Z\"><\/path><\/g><defs><clipPath id=\"eb-shape-divider-ocean-wave\"><path fill=\"#fff\" class=\"eb-shape-divider-fill\" d=\"M0 0h1000v99.62H0z\"><\/path><\/clipPath><\/defs><\/svg><\/div><\/div><\/div><\/div>\n\n\n\n<figure class=\"wp-block-gallery has-nested-images columns-default is-cropped wp-block-gallery-1 is-layout-flex wp-block-gallery-is-layout-flex\">\n<figure data-wp-context=\"{&quot;imageId&quot;:&quot;69f3cba85b08d&quot;}\" data-wp-interactive=\"core\/image\" class=\"wp-block-image size-large wp-lightbox-container\"><img decoding=\"async\" width=\"1024\" height=\"682\" data-wp-class--hide=\"state.isContentHidden\" data-wp-class--show=\"state.isContentVisible\" data-wp-init=\"callbacks.setButtonStyles\" data-wp-on-async--click=\"actions.showLightbox\" data-wp-on-async--load=\"callbacks.setButtonStyles\" data-wp-on-async-window--resize=\"callbacks.setButtonStyles\" data-id=\"4642\" src=\"https:\/\/normaleskildsen.mx\/eduprimaria\/wp-content\/uploads\/2026\/04\/1-6-1024x682.jpg\" alt=\"\" class=\"wp-image-4642\" srcset=\"https:\/\/normaleskildsen.mx\/eduprimaria\/wp-content\/uploads\/2026\/04\/1-6-1024x682.jpg 1024w, https:\/\/normaleskildsen.mx\/eduprimaria\/wp-content\/uploads\/2026\/04\/1-6-300x200.jpg 300w, https:\/\/normaleskildsen.mx\/eduprimaria\/wp-content\/uploads\/2026\/04\/1-6-768x511.jpg 768w, https:\/\/normaleskildsen.mx\/eduprimaria\/wp-content\/uploads\/2026\/04\/1-6.jpg 1065w\" sizes=\"(max-width: 1024px) 100vw, 1024px\" \/><button\n\t\t\tclass=\"lightbox-trigger\"\n\t\t\ttype=\"button\"\n\t\t\taria-haspopup=\"dialog\"\n\t\t\taria-label=\"Agrandar\"\n\t\t\tdata-wp-init=\"callbacks.initTriggerButton\"\n\t\t\tdata-wp-on-async--click=\"actions.showLightbox\"\n\t\t\tdata-wp-style--right=\"state.imageButtonRight\"\n\t\t\tdata-wp-style--top=\"state.imageButtonTop\"\n\t\t>\n\t\t\t<svg xmlns=\"http:\/\/www.w3.org\/2000\/svg\" width=\"12\" height=\"12\" fill=\"none\" viewBox=\"0 0 12 12\">\n\t\t\t\t<path fill=\"#fff\" d=\"M2 0a2 2 0 0 0-2 2v2h1.5V2a.5.5 0 0 1 .5-.5h2V0H2Zm2 10.5H2a.5.5 0 0 1-.5-.5V8H0v2a2 2 0 0 0 2 2h2v-1.5ZM8 12v-1.5h2a.5.5 0 0 0 .5-.5V8H12v2a2 2 0 0 1-2 2H8Zm2-12a2 2 0 0 1 2 2v2h-1.5V2a.5.5 0 0 0-.5-.5H8V0h2Z\" \/>\n\t\t\t<\/svg>\n\t\t<\/button><\/figure>\n\n\n\n<figure data-wp-context=\"{&quot;imageId&quot;:&quot;69f3cba85b224&quot;}\" data-wp-interactive=\"core\/image\" class=\"wp-block-image size-large wp-lightbox-container\"><img decoding=\"async\" width=\"1024\" height=\"683\" data-wp-class--hide=\"state.isContentHidden\" data-wp-class--show=\"state.isContentVisible\" data-wp-init=\"callbacks.setButtonStyles\" data-wp-on-async--click=\"actions.showLightbox\" data-wp-on-async--load=\"callbacks.setButtonStyles\" data-wp-on-async-window--resize=\"callbacks.setButtonStyles\" data-id=\"4645\" src=\"https:\/\/normaleskildsen.mx\/eduprimaria\/wp-content\/uploads\/2026\/04\/4-5-1024x683.jpg\" alt=\"\" class=\"wp-image-4645\" srcset=\"https:\/\/normaleskildsen.mx\/eduprimaria\/wp-content\/uploads\/2026\/04\/4-5-1024x683.jpg 1024w, https:\/\/normaleskildsen.mx\/eduprimaria\/wp-content\/uploads\/2026\/04\/4-5-300x200.jpg 300w, https:\/\/normaleskildsen.mx\/eduprimaria\/wp-content\/uploads\/2026\/04\/4-5-768x512.jpg 768w, https:\/\/normaleskildsen.mx\/eduprimaria\/wp-content\/uploads\/2026\/04\/4-5.jpg 1065w\" sizes=\"(max-width: 1024px) 100vw, 1024px\" \/><button\n\t\t\tclass=\"lightbox-trigger\"\n\t\t\ttype=\"button\"\n\t\t\taria-haspopup=\"dialog\"\n\t\t\taria-label=\"Agrandar\"\n\t\t\tdata-wp-init=\"callbacks.initTriggerButton\"\n\t\t\tdata-wp-on-async--click=\"actions.showLightbox\"\n\t\t\tdata-wp-style--right=\"state.imageButtonRight\"\n\t\t\tdata-wp-style--top=\"state.imageButtonTop\"\n\t\t>\n\t\t\t<svg xmlns=\"http:\/\/www.w3.org\/2000\/svg\" width=\"12\" height=\"12\" fill=\"none\" viewBox=\"0 0 12 12\">\n\t\t\t\t<path fill=\"#fff\" d=\"M2 0a2 2 0 0 0-2 2v2h1.5V2a.5.5 0 0 1 .5-.5h2V0H2Zm2 10.5H2a.5.5 0 0 1-.5-.5V8H0v2a2 2 0 0 0 2 2h2v-1.5ZM8 12v-1.5h2a.5.5 0 0 0 .5-.5V8H12v2a2 2 0 0 1-2 2H8Zm2-12a2 2 0 0 1 2 2v2h-1.5V2a.5.5 0 0 0-.5-.5H8V0h2Z\" \/>\n\t\t\t<\/svg>\n\t\t<\/button><\/figure>\n\n\n\n<figure data-wp-context=\"{&quot;imageId&quot;:&quot;69f3cba85b36d&quot;}\" data-wp-interactive=\"core\/image\" class=\"wp-block-image size-large wp-lightbox-container\"><img decoding=\"async\" width=\"1024\" height=\"683\" data-wp-class--hide=\"state.isContentHidden\" data-wp-class--show=\"state.isContentVisible\" data-wp-init=\"callbacks.setButtonStyles\" data-wp-on-async--click=\"actions.showLightbox\" data-wp-on-async--load=\"callbacks.setButtonStyles\" data-wp-on-async-window--resize=\"callbacks.setButtonStyles\" data-id=\"4644\" src=\"https:\/\/normaleskildsen.mx\/eduprimaria\/wp-content\/uploads\/2026\/04\/5-3-1024x683.jpg\" alt=\"\" class=\"wp-image-4644\" srcset=\"https:\/\/normaleskildsen.mx\/eduprimaria\/wp-content\/uploads\/2026\/04\/5-3-1024x683.jpg 1024w, https:\/\/normaleskildsen.mx\/eduprimaria\/wp-content\/uploads\/2026\/04\/5-3-300x200.jpg 300w, https:\/\/normaleskildsen.mx\/eduprimaria\/wp-content\/uploads\/2026\/04\/5-3-768x512.jpg 768w, https:\/\/normaleskildsen.mx\/eduprimaria\/wp-content\/uploads\/2026\/04\/5-3.jpg 1065w\" sizes=\"(max-width: 1024px) 100vw, 1024px\" \/><button\n\t\t\tclass=\"lightbox-trigger\"\n\t\t\ttype=\"button\"\n\t\t\taria-haspopup=\"dialog\"\n\t\t\taria-label=\"Agrandar\"\n\t\t\tdata-wp-init=\"callbacks.initTriggerButton\"\n\t\t\tdata-wp-on-async--click=\"actions.showLightbox\"\n\t\t\tdata-wp-style--right=\"state.imageButtonRight\"\n\t\t\tdata-wp-style--top=\"state.imageButtonTop\"\n\t\t>\n\t\t\t<svg xmlns=\"http:\/\/www.w3.org\/2000\/svg\" width=\"12\" height=\"12\" fill=\"none\" viewBox=\"0 0 12 12\">\n\t\t\t\t<path fill=\"#fff\" d=\"M2 0a2 2 0 0 0-2 2v2h1.5V2a.5.5 0 0 1 .5-.5h2V0H2Zm2 10.5H2a.5.5 0 0 1-.5-.5V8H0v2a2 2 0 0 0 2 2h2v-1.5ZM8 12v-1.5h2a.5.5 0 0 0 .5-.5V8H12v2a2 2 0 0 1-2 2H8Zm2-12a2 2 0 0 1 2 2v2h-1.5V2a.5.5 0 0 0-.5-.5H8V0h2Z\" \/>\n\t\t\t<\/svg>\n\t\t<\/button><\/figure>\n<\/figure>\n","protected":false},"excerpt":{"rendered":"<p>El lunes 20 de abril de 2026, la comunidad de la Escuela Normal de Educaci\u00f3n Primaria \u201cRosario Mar\u00eda Guti\u00e9rrez Eskildsen\u201d se reuni\u00f3 para llevar a cabo el tradicional acto c\u00edvico, un espacio que fortalece los valores de identidad, respeto y compromiso. En esta ocasi\u00f3n, estudiantes de sexto semestre, grupo C, fueron los encargados de rendir honores a nuestro l\u00e1baro patrio, mostrando disciplina y sentido de pertenencia en cada uno de los momentos del programa. Durante la ceremonia se realizaron actividades significativas. El juramento a la Bandera estuvo a cargo de Osvaldo Castellanos Rodr\u00edguez. El Himno Nacional Mexicano fue entonado bajo<\/p>\n","protected":false},"author":1,"featured_media":4641,"comment_status":"closed","ping_status":"open","sticky":false,"template":"","format":"standard","meta":{"_eb_attr":"","h5ap_radio_sources":[],"footnotes":""},"categories":[1],"tags":[259],"class_list":["post-4597","post","type-post","status-publish","format-standard","has-post-thumbnail","hentry","category-blog","tag-acto-civico"],"_links":{"self":[{"href":"https:\/\/normaleskildsen.mx\/eduprimaria\/wp-json\/wp\/v2\/posts\/4597","targetHints":{"allow":["GET"]}}],"collection":[{"href":"https:\/\/normaleskildsen.mx\/eduprimaria\/wp-json\/wp\/v2\/posts"}],"about":[{"href":"https:\/\/normaleskildsen.mx\/eduprimaria\/wp-json\/wp\/v2\/types\/post"}],"author":[{"embeddable":true,"href":"https:\/\/normaleskildsen.mx\/eduprimaria\/wp-json\/wp\/v2\/users\/1"}],"replies":[{"embeddable":true,"href":"https:\/\/normaleskildsen.mx\/eduprimaria\/wp-json\/wp\/v2\/comments?post=4597"}],"version-history":[{"count":1,"href":"https:\/\/normaleskildsen.mx\/eduprimaria\/wp-json\/wp\/v2\/posts\/4597\/revisions"}],"predecessor-version":[{"id":4646,"href":"https:\/\/normaleskildsen.mx\/eduprimaria\/wp-json\/wp\/v2\/posts\/4597\/revisions\/4646"}],"wp:featuredmedia":[{"embeddable":true,"href":"https:\/\/normaleskildsen.mx\/eduprimaria\/wp-json\/wp\/v2\/media\/4641"}],"wp:attachment":[{"href":"https:\/\/normaleskildsen.mx\/eduprimaria\/wp-json\/wp\/v2\/media?parent=4597"}],"wp:term":[{"taxonomy":"category","embeddable":true,"href":"https:\/\/normaleskildsen.mx\/eduprimaria\/wp-json\/wp\/v2\/categories?post=4597"},{"taxonomy":"post_tag","embeddable":true,"href":"https:\/\/normaleskildsen.mx\/eduprimaria\/wp-json\/wp\/v2\/tags?post=4597"}],"curies":[{"name":"wp","href":"https:\/\/api.w.org\/{rel}","templated":true}]}}