{"id":4596,"date":"2026-04-25T16:18:54","date_gmt":"2026-04-25T16:18:54","guid":{"rendered":"https:\/\/normaleskildsen.mx\/eduprimaria\/?p=4596"},"modified":"2026-04-30T16:40:47","modified_gmt":"2026-04-30T16:40:47","slug":"orgullo-y-vinculacion-normalista","status":"publish","type":"post","link":"https:\/\/normaleskildsen.mx\/eduprimaria\/orgullo-y-vinculacion-normalista\/","title":{"rendered":"Orgullo y vinculaci\u00f3n normalista"},"content":{"rendered":"\n<p class=\"has-tiny-font-size\" style=\"padding-top:var(--wp--preset--spacing--30);padding-bottom:var(--wp--preset--spacing--30)\">En la Escuela Normal de Educaci\u00f3n Primaria \u201cRosario Mar\u00eda Guti\u00e9rrez Eskildsen\u201d continuamos fortaleciendo nuestra participaci\u00f3n en la formaci\u00f3n acad\u00e9mica y cultural del estado. En esta ocasi\u00f3n, fuimos part\u00edcipes de un momento relevante para la educaci\u00f3n en Tabasco: la firma del Convenio General de Colaboraci\u00f3n y Vinculaci\u00f3n entre la Secretar\u00eda de Educaci\u00f3n de Tabasco y la Secretar\u00eda de Agricultura Nacional.<\/p>\n\n\n\n<p>Este acuerdo abre nuevas oportunidades para el desarrollo integral de las y los estudiantes, al impulsar acciones como la pr\u00e1ctica y residencia profesional, la investigaci\u00f3n cient\u00edfica y tecnol\u00f3gica, el servicio social y la formaci\u00f3n dual, as\u00ed como el desarrollo agropecuario y cultural.<\/p>\n\n\n\n<p>Durante el evento, nuestra instituci\u00f3n estuvo representada por la directora, Dra. Mar\u00eda Bel\u00e9n Torres Mayo; la subdirectora acad\u00e9mica, Dra. Jenny del Rosario Jim\u00e9nez Dami\u00e1n; as\u00ed como por personal docente, entre ellos Nallely Josefina Hern\u00e1ndez Silv\u00e1n y Jorge Alejandro Santiago Calder\u00f3n, quienes acompa\u00f1aron a estudiantes normalistas.<\/p>\n\n\n\n<p>Uno de los momentos m\u00e1s significativos fue la participaci\u00f3n del grupo de tamborileros, integrado por estudiantes de la instituci\u00f3n, quienes compartieron con los asistentes una muestra de talento y arraigo cultural a trav\u00e9s de la m\u00fasica tradicional. Este grupo forma parte de los talleres extracurriculares que se imparten en la escuela, mismos que se encuentran integrados en el Cat\u00e1logo Nacional de Cursos Extracurriculares de USICAMM.<\/p>\n\n\n\n<p class=\"has-tiny-font-size\" style=\"padding-top:var(--wp--preset--spacing--30);padding-bottom:var(--wp--preset--spacing--30)\">La presencia de nuestra comunidad en este tipo de espacios refleja el compromiso con una formaci\u00f3n integral, donde la educaci\u00f3n, la cultura y la vinculaci\u00f3n institucional caminan de la mano.<\/p>\n\n\n\n<p class=\"has-tiny-font-size\" style=\"padding-top:var(--wp--preset--spacing--30);padding-bottom:var(--wp--preset--spacing--30)\">&#8220;Por el Saber, la Libertad.&#8221;<\/p>\n\n\n\n<div class=\"wp-block-essential-blocks-shape-divider  root-eb-shape-divider-bv2i6\"><div class=\"eb-parent-wrapper eb-parent-eb-shape-divider-bv2i6 \"><div class=\"eb-shape-divider-wrapper eb-shape-divider-bv2i6\"><div class=\"eb-shape-divider eb-shape-divider-top\" data-shape=\"style_1\" data-negative=\"false\"><svg xmlns=\"http:\/\/www.w3.org\/2000\/svg\" fill=\"none\" viewBox=\"0 0 1000 100\" preserveAspectRatio=\"none\"><g clip-path=\"url(#eb-shape-divider-ocean-wave)\"><path class=\"eb-shape-divider-fill\" fill=\"#715AFF\" d=\"M0 97.79S101.82-.97 283.17 5.23c203.09 0 290.46 94.4 716.83 94.4V0H0v97.79Z\"><\/path><\/g><defs><clipPath id=\"eb-shape-divider-ocean-wave\"><path fill=\"#fff\" class=\"eb-shape-divider-fill\" d=\"M0 0h1000v99.62H0z\"><\/path><\/clipPath><\/defs><\/svg><\/div><\/div><\/div><\/div>\n\n\n\n<figure class=\"wp-block-gallery has-nested-images columns-default is-cropped wp-block-gallery-1 is-layout-flex wp-block-gallery-is-layout-flex\">\n<figure data-wp-context=\"{&quot;imageId&quot;:&quot;69f3cba78feed&quot;}\" data-wp-interactive=\"core\/image\" class=\"wp-block-image size-large wp-lightbox-container\"><img decoding=\"async\" width=\"1024\" height=\"768\" data-wp-class--hide=\"state.isContentHidden\" data-wp-class--show=\"state.isContentVisible\" data-wp-init=\"callbacks.setButtonStyles\" data-wp-on-async--click=\"actions.showLightbox\" data-wp-on-async--load=\"callbacks.setButtonStyles\" data-wp-on-async-window--resize=\"callbacks.setButtonStyles\" data-id=\"4639\" src=\"https:\/\/normaleskildsen.mx\/eduprimaria\/wp-content\/uploads\/2026\/04\/2-5-1024x768.jpg\" alt=\"\" class=\"wp-image-4639\" srcset=\"https:\/\/normaleskildsen.mx\/eduprimaria\/wp-content\/uploads\/2026\/04\/2-5-1024x768.jpg 1024w, https:\/\/normaleskildsen.mx\/eduprimaria\/wp-content\/uploads\/2026\/04\/2-5-300x225.jpg 300w, https:\/\/normaleskildsen.mx\/eduprimaria\/wp-content\/uploads\/2026\/04\/2-5-768x576.jpg 768w, https:\/\/normaleskildsen.mx\/eduprimaria\/wp-content\/uploads\/2026\/04\/2-5-1536x1152.jpg 1536w, https:\/\/normaleskildsen.mx\/eduprimaria\/wp-content\/uploads\/2026\/04\/2-5.jpg 1600w\" sizes=\"(max-width: 1024px) 100vw, 1024px\" \/><button\n\t\t\tclass=\"lightbox-trigger\"\n\t\t\ttype=\"button\"\n\t\t\taria-haspopup=\"dialog\"\n\t\t\taria-label=\"Agrandar\"\n\t\t\tdata-wp-init=\"callbacks.initTriggerButton\"\n\t\t\tdata-wp-on-async--click=\"actions.showLightbox\"\n\t\t\tdata-wp-style--right=\"state.imageButtonRight\"\n\t\t\tdata-wp-style--top=\"state.imageButtonTop\"\n\t\t>\n\t\t\t<svg xmlns=\"http:\/\/www.w3.org\/2000\/svg\" width=\"12\" height=\"12\" fill=\"none\" viewBox=\"0 0 12 12\">\n\t\t\t\t<path fill=\"#fff\" d=\"M2 0a2 2 0 0 0-2 2v2h1.5V2a.5.5 0 0 1 .5-.5h2V0H2Zm2 10.5H2a.5.5 0 0 1-.5-.5V8H0v2a2 2 0 0 0 2 2h2v-1.5ZM8 12v-1.5h2a.5.5 0 0 0 .5-.5V8H12v2a2 2 0 0 1-2 2H8Zm2-12a2 2 0 0 1 2 2v2h-1.5V2a.5.5 0 0 0-.5-.5H8V0h2Z\" \/>\n\t\t\t<\/svg>\n\t\t<\/button><\/figure>\n\n\n\n<figure data-wp-context=\"{&quot;imageId&quot;:&quot;69f3cba79013f&quot;}\" data-wp-interactive=\"core\/image\" class=\"wp-block-image size-large wp-lightbox-container\"><img decoding=\"async\" width=\"1024\" height=\"768\" data-wp-class--hide=\"state.isContentHidden\" data-wp-class--show=\"state.isContentVisible\" data-wp-init=\"callbacks.setButtonStyles\" data-wp-on-async--click=\"actions.showLightbox\" data-wp-on-async--load=\"callbacks.setButtonStyles\" data-wp-on-async-window--resize=\"callbacks.setButtonStyles\" data-id=\"4636\" src=\"https:\/\/normaleskildsen.mx\/eduprimaria\/wp-content\/uploads\/2026\/04\/3-5-1024x768.jpg\" alt=\"\" class=\"wp-image-4636\" srcset=\"https:\/\/normaleskildsen.mx\/eduprimaria\/wp-content\/uploads\/2026\/04\/3-5-1024x768.jpg 1024w, https:\/\/normaleskildsen.mx\/eduprimaria\/wp-content\/uploads\/2026\/04\/3-5-300x225.jpg 300w, https:\/\/normaleskildsen.mx\/eduprimaria\/wp-content\/uploads\/2026\/04\/3-5-768x576.jpg 768w, https:\/\/normaleskildsen.mx\/eduprimaria\/wp-content\/uploads\/2026\/04\/3-5.jpg 1280w\" sizes=\"(max-width: 1024px) 100vw, 1024px\" \/><button\n\t\t\tclass=\"lightbox-trigger\"\n\t\t\ttype=\"button\"\n\t\t\taria-haspopup=\"dialog\"\n\t\t\taria-label=\"Agrandar\"\n\t\t\tdata-wp-init=\"callbacks.initTriggerButton\"\n\t\t\tdata-wp-on-async--click=\"actions.showLightbox\"\n\t\t\tdata-wp-style--right=\"state.imageButtonRight\"\n\t\t\tdata-wp-style--top=\"state.imageButtonTop\"\n\t\t>\n\t\t\t<svg xmlns=\"http:\/\/www.w3.org\/2000\/svg\" width=\"12\" height=\"12\" fill=\"none\" viewBox=\"0 0 12 12\">\n\t\t\t\t<path fill=\"#fff\" d=\"M2 0a2 2 0 0 0-2 2v2h1.5V2a.5.5 0 0 1 .5-.5h2V0H2Zm2 10.5H2a.5.5 0 0 1-.5-.5V8H0v2a2 2 0 0 0 2 2h2v-1.5ZM8 12v-1.5h2a.5.5 0 0 0 .5-.5V8H12v2a2 2 0 0 1-2 2H8Zm2-12a2 2 0 0 1 2 2v2h-1.5V2a.5.5 0 0 0-.5-.5H8V0h2Z\" \/>\n\t\t\t<\/svg>\n\t\t<\/button><\/figure>\n\n\n\n<figure data-wp-context=\"{&quot;imageId&quot;:&quot;69f3cba790302&quot;}\" data-wp-interactive=\"core\/image\" class=\"wp-block-image size-large wp-lightbox-container\"><img decoding=\"async\" width=\"1024\" height=\"768\" data-wp-class--hide=\"state.isContentHidden\" data-wp-class--show=\"state.isContentVisible\" data-wp-init=\"callbacks.setButtonStyles\" data-wp-on-async--click=\"actions.showLightbox\" data-wp-on-async--load=\"callbacks.setButtonStyles\" data-wp-on-async-window--resize=\"callbacks.setButtonStyles\" data-id=\"4638\" src=\"https:\/\/normaleskildsen.mx\/eduprimaria\/wp-content\/uploads\/2026\/04\/4-4-1024x768.jpg\" alt=\"\" class=\"wp-image-4638\" srcset=\"https:\/\/normaleskildsen.mx\/eduprimaria\/wp-content\/uploads\/2026\/04\/4-4-1024x768.jpg 1024w, https:\/\/normaleskildsen.mx\/eduprimaria\/wp-content\/uploads\/2026\/04\/4-4-300x225.jpg 300w, https:\/\/normaleskildsen.mx\/eduprimaria\/wp-content\/uploads\/2026\/04\/4-4-768x576.jpg 768w, https:\/\/normaleskildsen.mx\/eduprimaria\/wp-content\/uploads\/2026\/04\/4-4.jpg 1280w\" sizes=\"(max-width: 1024px) 100vw, 1024px\" \/><button\n\t\t\tclass=\"lightbox-trigger\"\n\t\t\ttype=\"button\"\n\t\t\taria-haspopup=\"dialog\"\n\t\t\taria-label=\"Agrandar\"\n\t\t\tdata-wp-init=\"callbacks.initTriggerButton\"\n\t\t\tdata-wp-on-async--click=\"actions.showLightbox\"\n\t\t\tdata-wp-style--right=\"state.imageButtonRight\"\n\t\t\tdata-wp-style--top=\"state.imageButtonTop\"\n\t\t>\n\t\t\t<svg xmlns=\"http:\/\/www.w3.org\/2000\/svg\" width=\"12\" height=\"12\" fill=\"none\" viewBox=\"0 0 12 12\">\n\t\t\t\t<path fill=\"#fff\" d=\"M2 0a2 2 0 0 0-2 2v2h1.5V2a.5.5 0 0 1 .5-.5h2V0H2Zm2 10.5H2a.5.5 0 0 1-.5-.5V8H0v2a2 2 0 0 0 2 2h2v-1.5ZM8 12v-1.5h2a.5.5 0 0 0 .5-.5V8H12v2a2 2 0 0 1-2 2H8Zm2-12a2 2 0 0 1 2 2v2h-1.5V2a.5.5 0 0 0-.5-.5H8V0h2Z\" \/>\n\t\t\t<\/svg>\n\t\t<\/button><\/figure>\n<\/figure>\n","protected":false},"excerpt":{"rendered":"<p>En la Escuela Normal de Educaci\u00f3n Primaria \u201cRosario Mar\u00eda Guti\u00e9rrez Eskildsen\u201d continuamos fortaleciendo nuestra participaci\u00f3n en la formaci\u00f3n acad\u00e9mica y cultural del estado. En esta ocasi\u00f3n, fuimos part\u00edcipes de un momento relevante para la educaci\u00f3n en Tabasco: la firma del Convenio General de Colaboraci\u00f3n y Vinculaci\u00f3n entre la Secretar\u00eda de Educaci\u00f3n de Tabasco y la Secretar\u00eda de Agricultura Nacional. Este acuerdo abre nuevas oportunidades para el desarrollo integral de las y los estudiantes, al impulsar acciones como la pr\u00e1ctica y residencia profesional, la investigaci\u00f3n cient\u00edfica y tecnol\u00f3gica, el servicio social y la formaci\u00f3n dual, as\u00ed como el desarrollo agropecuario y<\/p>\n","protected":false},"author":1,"featured_media":4635,"comment_status":"closed","ping_status":"open","sticky":false,"template":"","format":"standard","meta":{"_eb_attr":"","h5ap_radio_sources":[],"footnotes":""},"categories":[1],"tags":[326,302],"class_list":["post-4596","post","type-post","status-publish","format-standard","has-post-thumbnail","hentry","category-blog","tag-convenio","tag-tamborileros"],"_links":{"self":[{"href":"https:\/\/normaleskildsen.mx\/eduprimaria\/wp-json\/wp\/v2\/posts\/4596","targetHints":{"allow":["GET"]}}],"collection":[{"href":"https:\/\/normaleskildsen.mx\/eduprimaria\/wp-json\/wp\/v2\/posts"}],"about":[{"href":"https:\/\/normaleskildsen.mx\/eduprimaria\/wp-json\/wp\/v2\/types\/post"}],"author":[{"embeddable":true,"href":"https:\/\/normaleskildsen.mx\/eduprimaria\/wp-json\/wp\/v2\/users\/1"}],"replies":[{"embeddable":true,"href":"https:\/\/normaleskildsen.mx\/eduprimaria\/wp-json\/wp\/v2\/comments?post=4596"}],"version-history":[{"count":1,"href":"https:\/\/normaleskildsen.mx\/eduprimaria\/wp-json\/wp\/v2\/posts\/4596\/revisions"}],"predecessor-version":[{"id":4640,"href":"https:\/\/normaleskildsen.mx\/eduprimaria\/wp-json\/wp\/v2\/posts\/4596\/revisions\/4640"}],"wp:featuredmedia":[{"embeddable":true,"href":"https:\/\/normaleskildsen.mx\/eduprimaria\/wp-json\/wp\/v2\/media\/4635"}],"wp:attachment":[{"href":"https:\/\/normaleskildsen.mx\/eduprimaria\/wp-json\/wp\/v2\/media?parent=4596"}],"wp:term":[{"taxonomy":"category","embeddable":true,"href":"https:\/\/normaleskildsen.mx\/eduprimaria\/wp-json\/wp\/v2\/categories?post=4596"},{"taxonomy":"post_tag","embeddable":true,"href":"https:\/\/normaleskildsen.mx\/eduprimaria\/wp-json\/wp\/v2\/tags?post=4596"}],"curies":[{"name":"wp","href":"https:\/\/api.w.org\/{rel}","templated":true}]}}