{"id":4593,"date":"2026-04-27T16:03:58","date_gmt":"2026-04-27T16:03:58","guid":{"rendered":"https:\/\/normaleskildsen.mx\/eduprimaria\/?p=4593"},"modified":"2026-04-30T16:56:59","modified_gmt":"2026-04-30T16:56:59","slug":"convivencia-escolar-segura-y-en-paz","status":"publish","type":"post","link":"https:\/\/normaleskildsen.mx\/eduprimaria\/convivencia-escolar-segura-y-en-paz\/","title":{"rendered":"Convivencia escolar segura y en paz"},"content":{"rendered":"\n<p class=\"has-tiny-font-size\" style=\"padding-top:var(--wp--preset--spacing--30);padding-bottom:var(--wp--preset--spacing--30)\">El d\u00eda de hoy, nuestra instituci\u00f3n fue sede de la charla \u201cPrevenci\u00f3n de la Violencia\u201d, un espacio de reflexi\u00f3n y aprendizaje dirigido a la comunidad estudiantil, enfocado en fortalecer una cultura de respeto, cuidado y sana convivencia.<\/p>\n\n\n\n<p>La actividad fue impartida por el Lic. Mauricio Montesino Concepci\u00f3n y Delia Vital Salom\u00f3n, especialistas del Centro Estatal de Prevenci\u00f3n Social del Delito y Participaci\u00f3n Ciudadana (CENEPREP), perteneciente a la Secretar\u00eda de Seguridad y Protecci\u00f3n Ciudadana, quienes compartieron herramientas para identificar, prevenir y atender conductas de riesgo dentro y fuera del entorno escolar.<\/p>\n\n\n\n<p>Se cont\u00f3 con la entusiasta participaci\u00f3n de estudiantes de cuarto semestre de la Licenciatura en Educaci\u00f3n Primaria, quienes, en su formaci\u00f3n como futuros docentes, reconocen la importancia de promover ambientes escolares seguros y libres de violencia.<\/p>\n\n\n\n<p class=\"has-tiny-font-size\" style=\"padding-top:var(--wp--preset--spacing--30);padding-bottom:var(--wp--preset--spacing--30)\">Asimismo, se reconoce el trabajo del \u00e1rea de Equidad y G\u00e9nero de la Escuela Rosario Mar\u00eda Guti\u00e9rrez Eskildsen, integrada por el Mtro. Otilio \u00c1lvarez P\u00e9rez, la Dra. Lillian Ivonne Hern\u00e1ndez Zeind, la Dra. Jenny del Rosario Jim\u00e9nez Dami\u00e1n y la Dra. Eugenia Nashely Palacios Gamboa, por impulsar este tipo de iniciativas que abordan temas actuales y fundamentales para la convivencia acad\u00e9mica.<\/p>\n\n\n\n<p class=\"has-tiny-font-size\" style=\"padding-top:var(--wp--preset--spacing--30);padding-bottom:var(--wp--preset--spacing--30)\">&#8220;Por el Saber la Libertad.&#8221;<\/p>\n\n\n\n<div class=\"wp-block-essential-blocks-shape-divider  root-eb-shape-divider-bv2i6\"><div class=\"eb-parent-wrapper eb-parent-eb-shape-divider-bv2i6 \"><div class=\"eb-shape-divider-wrapper eb-shape-divider-bv2i6\"><div class=\"eb-shape-divider eb-shape-divider-top\" data-shape=\"style_1\" data-negative=\"false\"><svg xmlns=\"http:\/\/www.w3.org\/2000\/svg\" fill=\"none\" viewBox=\"0 0 1000 100\" preserveAspectRatio=\"none\"><g clip-path=\"url(#eb-shape-divider-ocean-wave)\"><path class=\"eb-shape-divider-fill\" fill=\"#715AFF\" d=\"M0 97.79S101.82-.97 283.17 5.23c203.09 0 290.46 94.4 716.83 94.4V0H0v97.79Z\"><\/path><\/g><defs><clipPath id=\"eb-shape-divider-ocean-wave\"><path fill=\"#fff\" class=\"eb-shape-divider-fill\" d=\"M0 0h1000v99.62H0z\"><\/path><\/clipPath><\/defs><\/svg><\/div><\/div><\/div><\/div>\n\n\n\n<figure class=\"wp-block-gallery has-nested-images columns-default is-cropped wp-block-gallery-1 is-layout-flex wp-block-gallery-is-layout-flex\">\n<figure data-wp-context=\"{&quot;imageId&quot;:&quot;69f3cbb537001&quot;}\" data-wp-interactive=\"core\/image\" class=\"wp-block-image size-large wp-lightbox-container\"><img decoding=\"async\" width=\"1062\" height=\"796\" data-wp-class--hide=\"state.isContentHidden\" data-wp-class--show=\"state.isContentVisible\" data-wp-init=\"callbacks.setButtonStyles\" data-wp-on-async--click=\"actions.showLightbox\" data-wp-on-async--load=\"callbacks.setButtonStyles\" data-wp-on-async-window--resize=\"callbacks.setButtonStyles\" data-id=\"4609\" src=\"https:\/\/normaleskildsen.mx\/eduprimaria\/wp-content\/uploads\/2026\/04\/1-2-edited.jpg\" alt=\"\" class=\"wp-image-4609\" srcset=\"https:\/\/normaleskildsen.mx\/eduprimaria\/wp-content\/uploads\/2026\/04\/1-2-edited.jpg 1062w, https:\/\/normaleskildsen.mx\/eduprimaria\/wp-content\/uploads\/2026\/04\/1-2-edited-300x225.jpg 300w, https:\/\/normaleskildsen.mx\/eduprimaria\/wp-content\/uploads\/2026\/04\/1-2-edited-1024x768.jpg 1024w, https:\/\/normaleskildsen.mx\/eduprimaria\/wp-content\/uploads\/2026\/04\/1-2-edited-768x576.jpg 768w\" sizes=\"(max-width: 1062px) 100vw, 1062px\" \/><button\n\t\t\tclass=\"lightbox-trigger\"\n\t\t\ttype=\"button\"\n\t\t\taria-haspopup=\"dialog\"\n\t\t\taria-label=\"Agrandar\"\n\t\t\tdata-wp-init=\"callbacks.initTriggerButton\"\n\t\t\tdata-wp-on-async--click=\"actions.showLightbox\"\n\t\t\tdata-wp-style--right=\"state.imageButtonRight\"\n\t\t\tdata-wp-style--top=\"state.imageButtonTop\"\n\t\t>\n\t\t\t<svg xmlns=\"http:\/\/www.w3.org\/2000\/svg\" width=\"12\" height=\"12\" fill=\"none\" viewBox=\"0 0 12 12\">\n\t\t\t\t<path fill=\"#fff\" d=\"M2 0a2 2 0 0 0-2 2v2h1.5V2a.5.5 0 0 1 .5-.5h2V0H2Zm2 10.5H2a.5.5 0 0 1-.5-.5V8H0v2a2 2 0 0 0 2 2h2v-1.5ZM8 12v-1.5h2a.5.5 0 0 0 .5-.5V8H12v2a2 2 0 0 1-2 2H8Zm2-12a2 2 0 0 1 2 2v2h-1.5V2a.5.5 0 0 0-.5-.5H8V0h2Z\" \/>\n\t\t\t<\/svg>\n\t\t<\/button><\/figure>\n\n\n\n<figure data-wp-context=\"{&quot;imageId&quot;:&quot;69f3cbb5372fa&quot;}\" data-wp-interactive=\"core\/image\" class=\"wp-block-image size-large wp-lightbox-container\"><img decoding=\"async\" width=\"1024\" height=\"768\" data-wp-class--hide=\"state.isContentHidden\" data-wp-class--show=\"state.isContentVisible\" data-wp-init=\"callbacks.setButtonStyles\" data-wp-on-async--click=\"actions.showLightbox\" data-wp-on-async--load=\"callbacks.setButtonStyles\" data-wp-on-async-window--resize=\"callbacks.setButtonStyles\" data-id=\"4607\" src=\"https:\/\/normaleskildsen.mx\/eduprimaria\/wp-content\/uploads\/2026\/04\/2-2-1024x768.jpg\" alt=\"\" class=\"wp-image-4607\" srcset=\"https:\/\/normaleskildsen.mx\/eduprimaria\/wp-content\/uploads\/2026\/04\/2-2-1024x768.jpg 1024w, https:\/\/normaleskildsen.mx\/eduprimaria\/wp-content\/uploads\/2026\/04\/2-2-300x225.jpg 300w, https:\/\/normaleskildsen.mx\/eduprimaria\/wp-content\/uploads\/2026\/04\/2-2-768x576.jpg 768w, https:\/\/normaleskildsen.mx\/eduprimaria\/wp-content\/uploads\/2026\/04\/2-2.jpg 1200w\" sizes=\"(max-width: 1024px) 100vw, 1024px\" \/><button\n\t\t\tclass=\"lightbox-trigger\"\n\t\t\ttype=\"button\"\n\t\t\taria-haspopup=\"dialog\"\n\t\t\taria-label=\"Agrandar\"\n\t\t\tdata-wp-init=\"callbacks.initTriggerButton\"\n\t\t\tdata-wp-on-async--click=\"actions.showLightbox\"\n\t\t\tdata-wp-style--right=\"state.imageButtonRight\"\n\t\t\tdata-wp-style--top=\"state.imageButtonTop\"\n\t\t>\n\t\t\t<svg xmlns=\"http:\/\/www.w3.org\/2000\/svg\" width=\"12\" height=\"12\" fill=\"none\" viewBox=\"0 0 12 12\">\n\t\t\t\t<path fill=\"#fff\" d=\"M2 0a2 2 0 0 0-2 2v2h1.5V2a.5.5 0 0 1 .5-.5h2V0H2Zm2 10.5H2a.5.5 0 0 1-.5-.5V8H0v2a2 2 0 0 0 2 2h2v-1.5ZM8 12v-1.5h2a.5.5 0 0 0 .5-.5V8H12v2a2 2 0 0 1-2 2H8Zm2-12a2 2 0 0 1 2 2v2h-1.5V2a.5.5 0 0 0-.5-.5H8V0h2Z\" \/>\n\t\t\t<\/svg>\n\t\t<\/button><\/figure>\n\n\n\n<figure data-wp-context=\"{&quot;imageId&quot;:&quot;69f3cbb53752c&quot;}\" data-wp-interactive=\"core\/image\" class=\"wp-block-image size-large wp-lightbox-container\"><img decoding=\"async\" width=\"759\" height=\"569\" data-wp-class--hide=\"state.isContentHidden\" data-wp-class--show=\"state.isContentVisible\" data-wp-init=\"callbacks.setButtonStyles\" data-wp-on-async--click=\"actions.showLightbox\" data-wp-on-async--load=\"callbacks.setButtonStyles\" data-wp-on-async-window--resize=\"callbacks.setButtonStyles\" data-id=\"4610\" src=\"https:\/\/normaleskildsen.mx\/eduprimaria\/wp-content\/uploads\/2026\/04\/3-2-edited.jpg\" alt=\"\" class=\"wp-image-4610\" srcset=\"https:\/\/normaleskildsen.mx\/eduprimaria\/wp-content\/uploads\/2026\/04\/3-2-edited.jpg 759w, https:\/\/normaleskildsen.mx\/eduprimaria\/wp-content\/uploads\/2026\/04\/3-2-edited-300x225.jpg 300w\" sizes=\"(max-width: 759px) 100vw, 759px\" \/><button\n\t\t\tclass=\"lightbox-trigger\"\n\t\t\ttype=\"button\"\n\t\t\taria-haspopup=\"dialog\"\n\t\t\taria-label=\"Agrandar\"\n\t\t\tdata-wp-init=\"callbacks.initTriggerButton\"\n\t\t\tdata-wp-on-async--click=\"actions.showLightbox\"\n\t\t\tdata-wp-style--right=\"state.imageButtonRight\"\n\t\t\tdata-wp-style--top=\"state.imageButtonTop\"\n\t\t>\n\t\t\t<svg xmlns=\"http:\/\/www.w3.org\/2000\/svg\" width=\"12\" height=\"12\" fill=\"none\" viewBox=\"0 0 12 12\">\n\t\t\t\t<path fill=\"#fff\" d=\"M2 0a2 2 0 0 0-2 2v2h1.5V2a.5.5 0 0 1 .5-.5h2V0H2Zm2 10.5H2a.5.5 0 0 1-.5-.5V8H0v2a2 2 0 0 0 2 2h2v-1.5ZM8 12v-1.5h2a.5.5 0 0 0 .5-.5V8H12v2a2 2 0 0 1-2 2H8Zm2-12a2 2 0 0 1 2 2v2h-1.5V2a.5.5 0 0 0-.5-.5H8V0h2Z\" \/>\n\t\t\t<\/svg>\n\t\t<\/button><\/figure>\n<\/figure>\n\n\n\n<p><\/p>\n","protected":false},"excerpt":{"rendered":"<p>El d\u00eda de hoy, nuestra instituci\u00f3n fue sede de la charla \u201cPrevenci\u00f3n de la Violencia\u201d, un espacio de reflexi\u00f3n y aprendizaje dirigido a la comunidad estudiantil, enfocado en fortalecer una cultura de respeto, cuidado y sana convivencia. La actividad fue impartida por el Lic. Mauricio Montesino Concepci\u00f3n y Delia Vital Salom\u00f3n, especialistas del Centro Estatal de Prevenci\u00f3n Social del Delito y Participaci\u00f3n Ciudadana (CENEPREP), perteneciente a la Secretar\u00eda de Seguridad y Protecci\u00f3n Ciudadana, quienes compartieron herramientas para identificar, prevenir y atender conductas de riesgo dentro y fuera del entorno escolar. Se cont\u00f3 con la entusiasta participaci\u00f3n de estudiantes de cuarto<\/p>\n","protected":false},"author":1,"featured_media":4608,"comment_status":"closed","ping_status":"open","sticky":false,"template":"","format":"standard","meta":{"_eb_attr":"","h5ap_radio_sources":[],"footnotes":""},"categories":[1],"tags":[329],"class_list":["post-4593","post","type-post","status-publish","format-standard","has-post-thumbnail","hentry","category-blog","tag-convivencia-escolar"],"_links":{"self":[{"href":"https:\/\/normaleskildsen.mx\/eduprimaria\/wp-json\/wp\/v2\/posts\/4593","targetHints":{"allow":["GET"]}}],"collection":[{"href":"https:\/\/normaleskildsen.mx\/eduprimaria\/wp-json\/wp\/v2\/posts"}],"about":[{"href":"https:\/\/normaleskildsen.mx\/eduprimaria\/wp-json\/wp\/v2\/types\/post"}],"author":[{"embeddable":true,"href":"https:\/\/normaleskildsen.mx\/eduprimaria\/wp-json\/wp\/v2\/users\/1"}],"replies":[{"embeddable":true,"href":"https:\/\/normaleskildsen.mx\/eduprimaria\/wp-json\/wp\/v2\/comments?post=4593"}],"version-history":[{"count":1,"href":"https:\/\/normaleskildsen.mx\/eduprimaria\/wp-json\/wp\/v2\/posts\/4593\/revisions"}],"predecessor-version":[{"id":4611,"href":"https:\/\/normaleskildsen.mx\/eduprimaria\/wp-json\/wp\/v2\/posts\/4593\/revisions\/4611"}],"wp:featuredmedia":[{"embeddable":true,"href":"https:\/\/normaleskildsen.mx\/eduprimaria\/wp-json\/wp\/v2\/media\/4608"}],"wp:attachment":[{"href":"https:\/\/normaleskildsen.mx\/eduprimaria\/wp-json\/wp\/v2\/media?parent=4593"}],"wp:term":[{"taxonomy":"category","embeddable":true,"href":"https:\/\/normaleskildsen.mx\/eduprimaria\/wp-json\/wp\/v2\/categories?post=4593"},{"taxonomy":"post_tag","embeddable":true,"href":"https:\/\/normaleskildsen.mx\/eduprimaria\/wp-json\/wp\/v2\/tags?post=4593"}],"curies":[{"name":"wp","href":"https:\/\/api.w.org\/{rel}","templated":true}]}}