{"id":4592,"date":"2026-04-27T16:03:56","date_gmt":"2026-04-27T16:03:56","guid":{"rendered":"https:\/\/normaleskildsen.mx\/eduprimaria\/?p=4592"},"modified":"2026-04-30T16:24:00","modified_gmt":"2026-04-30T16:24:00","slug":"unidos-por-la-formacion","status":"publish","type":"post","link":"https:\/\/normaleskildsen.mx\/eduprimaria\/unidos-por-la-formacion\/","title":{"rendered":"\u00a1Unidos por la formaci\u00f3n!"},"content":{"rendered":"\n<p class=\"has-tiny-font-size\" style=\"padding-top:var(--wp--preset--spacing--30);padding-bottom:var(--wp--preset--spacing--30)\">La Escuela Normal de Educaci\u00f3n Primaria \u201cRosario Mar\u00eda Guti\u00e9rrez Eskildsen\u201d a trav\u00e9s de su Directora &#8211; Dra. Mar\u00eda Bel\u00e9n Torres Mayo y la Dra. Jenny del Rosario Jim\u00e9nez Dami\u00e1n &#8211; Subdirectora Acad\u00e9mica, celebramos en conjunto con nuestra escuela hermana Escuela Normal de Educaci\u00f3n Preescolar el 2do. Foro Pr\u00e1ctica Profesional y Saber Pedag\u00f3gico, encuentro que va m\u00e1s all\u00e1 de lo acad\u00e9mico siendo un espacio de reflexi\u00f3n donde la comunidad educativa de Tabasco se re\u00fane para fortalecer la docencia en la primera infancia.<\/p>\n\n\n\n<p>Para la inauguraci\u00f3n del evento se cont\u00f3 con la presencia de autoridades e invitados especiales:<\/p>\n\n\n\n<p>* Mtra. Patricia Iparrea S\u00e1nchez, Secretaria de Educaci\u00f3n del Estado de Tabasco.<\/p>\n\n\n\n<p>* Mtra. X\u00f3chilt Leticia Moreno Fern\u00e1ndez, Directora General de Desarrollo Curricular y Pol\u00edtica de Educaci\u00f3n Inicial de la SEP.<\/p>\n\n\n\n<p>* Mtra. Anabel Su\u00e1rez Jener, Subsecretaria de Educaci\u00f3n Media Superior y Superior.<\/p>\n\n\n\n<p>* Mtro. Carlos Alberto Ul\u00edn Sastr\u00e9, Director de Educaci\u00f3n Superior.<\/p>\n\n\n\n<p>* Dra. Yadi Noem\u00ed Hern\u00e1ndez Peralta, Directora de Educaci\u00f3n Inicial y Preescolar.<\/p>\n\n\n\n<p>* Dra. Silvia Cristina L\u00f3pez \u00c1lvarez, Jefa del Departamento de Escuelas Normales.<\/p>\n\n\n\n<p>* Dr. Carlos Ram\u00edrez Silv\u00e1n, Director de la Escuela Normal de Educaci\u00f3n Preescolar \u201cRosario Mar\u00eda Guti\u00e9rrez Eskildsen\u201d<\/p>\n\n\n\n<p>Este Foro es el reflejo de un trayecto de crecimiento profesional, donde la formaci\u00f3n docente es un camino que se construye paso a paso.<\/p>\n\n\n\n<p class=\"has-tiny-font-size\" style=\"padding-top:var(--wp--preset--spacing--30);padding-bottom:var(--wp--preset--spacing--30)\">\u00a1Sigamos trabajando juntos por una educaci\u00f3n de calidad para nuestras ni\u00f1as y ni\u00f1os!<\/p>\n\n\n\n<p class=\"has-tiny-font-size\" style=\"padding-top:var(--wp--preset--spacing--30);padding-bottom:var(--wp--preset--spacing--30)\">&#8220;Por el Saber la Libertad.&#8221;<\/p>\n\n\n\n<div class=\"wp-block-essential-blocks-shape-divider  root-eb-shape-divider-bv2i6\"><div class=\"eb-parent-wrapper eb-parent-eb-shape-divider-bv2i6 \"><div class=\"eb-shape-divider-wrapper eb-shape-divider-bv2i6\"><div class=\"eb-shape-divider eb-shape-divider-top\" data-shape=\"style_1\" data-negative=\"false\"><svg xmlns=\"http:\/\/www.w3.org\/2000\/svg\" fill=\"none\" viewBox=\"0 0 1000 100\" preserveAspectRatio=\"none\"><g clip-path=\"url(#eb-shape-divider-ocean-wave)\"><path class=\"eb-shape-divider-fill\" fill=\"#715AFF\" d=\"M0 97.79S101.82-.97 283.17 5.23c203.09 0 290.46 94.4 716.83 94.4V0H0v97.79Z\"><\/path><\/g><defs><clipPath id=\"eb-shape-divider-ocean-wave\"><path fill=\"#fff\" class=\"eb-shape-divider-fill\" d=\"M0 0h1000v99.62H0z\"><\/path><\/clipPath><\/defs><\/svg><\/div><\/div><\/div><\/div>\n\n\n\n<figure class=\"wp-block-gallery has-nested-images columns-default is-cropped wp-block-gallery-1 is-layout-flex wp-block-gallery-is-layout-flex\">\n<figure data-wp-context=\"{&quot;imageId&quot;:&quot;69f3cba765067&quot;}\" data-wp-interactive=\"core\/image\" class=\"wp-block-image size-large wp-lightbox-container\"><img decoding=\"async\" width=\"1024\" height=\"682\" data-wp-class--hide=\"state.isContentHidden\" data-wp-class--show=\"state.isContentVisible\" data-wp-init=\"callbacks.setButtonStyles\" data-wp-on-async--click=\"actions.showLightbox\" data-wp-on-async--load=\"callbacks.setButtonStyles\" data-wp-on-async-window--resize=\"callbacks.setButtonStyles\" data-id=\"4603\" src=\"https:\/\/normaleskildsen.mx\/eduprimaria\/wp-content\/uploads\/2026\/04\/2-1-1024x682.jpg\" alt=\"\" class=\"wp-image-4603\" srcset=\"https:\/\/normaleskildsen.mx\/eduprimaria\/wp-content\/uploads\/2026\/04\/2-1-1024x682.jpg 1024w, https:\/\/normaleskildsen.mx\/eduprimaria\/wp-content\/uploads\/2026\/04\/2-1-300x200.jpg 300w, https:\/\/normaleskildsen.mx\/eduprimaria\/wp-content\/uploads\/2026\/04\/2-1-768x511.jpg 768w, https:\/\/normaleskildsen.mx\/eduprimaria\/wp-content\/uploads\/2026\/04\/2-1.jpg 1065w\" sizes=\"(max-width: 1024px) 100vw, 1024px\" \/><button\n\t\t\tclass=\"lightbox-trigger\"\n\t\t\ttype=\"button\"\n\t\t\taria-haspopup=\"dialog\"\n\t\t\taria-label=\"Agrandar\"\n\t\t\tdata-wp-init=\"callbacks.initTriggerButton\"\n\t\t\tdata-wp-on-async--click=\"actions.showLightbox\"\n\t\t\tdata-wp-style--right=\"state.imageButtonRight\"\n\t\t\tdata-wp-style--top=\"state.imageButtonTop\"\n\t\t>\n\t\t\t<svg xmlns=\"http:\/\/www.w3.org\/2000\/svg\" width=\"12\" height=\"12\" fill=\"none\" viewBox=\"0 0 12 12\">\n\t\t\t\t<path fill=\"#fff\" d=\"M2 0a2 2 0 0 0-2 2v2h1.5V2a.5.5 0 0 1 .5-.5h2V0H2Zm2 10.5H2a.5.5 0 0 1-.5-.5V8H0v2a2 2 0 0 0 2 2h2v-1.5ZM8 12v-1.5h2a.5.5 0 0 0 .5-.5V8H12v2a2 2 0 0 1-2 2H8Zm2-12a2 2 0 0 1 2 2v2h-1.5V2a.5.5 0 0 0-.5-.5H8V0h2Z\" \/>\n\t\t\t<\/svg>\n\t\t<\/button><\/figure>\n\n\n\n<figure data-wp-context=\"{&quot;imageId&quot;:&quot;69f3cba76539d&quot;}\" data-wp-interactive=\"core\/image\" class=\"wp-block-image size-large wp-lightbox-container\"><img decoding=\"async\" width=\"1024\" height=\"683\" data-wp-class--hide=\"state.isContentHidden\" data-wp-class--show=\"state.isContentVisible\" data-wp-init=\"callbacks.setButtonStyles\" data-wp-on-async--click=\"actions.showLightbox\" data-wp-on-async--load=\"callbacks.setButtonStyles\" data-wp-on-async-window--resize=\"callbacks.setButtonStyles\" data-id=\"4602\" src=\"https:\/\/normaleskildsen.mx\/eduprimaria\/wp-content\/uploads\/2026\/04\/3-1-1024x683.jpg\" alt=\"\" class=\"wp-image-4602\" srcset=\"https:\/\/normaleskildsen.mx\/eduprimaria\/wp-content\/uploads\/2026\/04\/3-1-1024x683.jpg 1024w, https:\/\/normaleskildsen.mx\/eduprimaria\/wp-content\/uploads\/2026\/04\/3-1-300x200.jpg 300w, https:\/\/normaleskildsen.mx\/eduprimaria\/wp-content\/uploads\/2026\/04\/3-1-768x512.jpg 768w, https:\/\/normaleskildsen.mx\/eduprimaria\/wp-content\/uploads\/2026\/04\/3-1.jpg 1065w\" sizes=\"(max-width: 1024px) 100vw, 1024px\" \/><button\n\t\t\tclass=\"lightbox-trigger\"\n\t\t\ttype=\"button\"\n\t\t\taria-haspopup=\"dialog\"\n\t\t\taria-label=\"Agrandar\"\n\t\t\tdata-wp-init=\"callbacks.initTriggerButton\"\n\t\t\tdata-wp-on-async--click=\"actions.showLightbox\"\n\t\t\tdata-wp-style--right=\"state.imageButtonRight\"\n\t\t\tdata-wp-style--top=\"state.imageButtonTop\"\n\t\t>\n\t\t\t<svg xmlns=\"http:\/\/www.w3.org\/2000\/svg\" width=\"12\" height=\"12\" fill=\"none\" viewBox=\"0 0 12 12\">\n\t\t\t\t<path fill=\"#fff\" d=\"M2 0a2 2 0 0 0-2 2v2h1.5V2a.5.5 0 0 1 .5-.5h2V0H2Zm2 10.5H2a.5.5 0 0 1-.5-.5V8H0v2a2 2 0 0 0 2 2h2v-1.5ZM8 12v-1.5h2a.5.5 0 0 0 .5-.5V8H12v2a2 2 0 0 1-2 2H8Zm2-12a2 2 0 0 1 2 2v2h-1.5V2a.5.5 0 0 0-.5-.5H8V0h2Z\" \/>\n\t\t\t<\/svg>\n\t\t<\/button><\/figure>\n<\/figure>\n","protected":false},"excerpt":{"rendered":"<p>La Escuela Normal de Educaci\u00f3n Primaria \u201cRosario Mar\u00eda Guti\u00e9rrez Eskildsen\u201d a trav\u00e9s de su Directora &#8211; Dra. Mar\u00eda Bel\u00e9n Torres Mayo y la Dra. Jenny del Rosario Jim\u00e9nez Dami\u00e1n &#8211; Subdirectora Acad\u00e9mica, celebramos en conjunto con nuestra escuela hermana Escuela Normal de Educaci\u00f3n Preescolar el 2do. Foro Pr\u00e1ctica Profesional y Saber Pedag\u00f3gico, encuentro que va m\u00e1s all\u00e1 de lo acad\u00e9mico siendo un espacio de reflexi\u00f3n donde la comunidad educativa de Tabasco se re\u00fane para fortalecer la docencia en la primera infancia. Para la inauguraci\u00f3n del evento se cont\u00f3 con la presencia de autoridades e invitados especiales: * Mtra. Patricia Iparrea<\/p>\n","protected":false},"author":1,"featured_media":4601,"comment_status":"closed","ping_status":"open","sticky":false,"template":"","format":"standard","meta":{"_eb_attr":"","h5ap_radio_sources":[],"footnotes":""},"categories":[1],"tags":[323,262],"class_list":["post-4592","post","type-post","status-publish","format-standard","has-post-thumbnail","hentry","category-blog","tag-educacion-preescolar","tag-foro"],"_links":{"self":[{"href":"https:\/\/normaleskildsen.mx\/eduprimaria\/wp-json\/wp\/v2\/posts\/4592","targetHints":{"allow":["GET"]}}],"collection":[{"href":"https:\/\/normaleskildsen.mx\/eduprimaria\/wp-json\/wp\/v2\/posts"}],"about":[{"href":"https:\/\/normaleskildsen.mx\/eduprimaria\/wp-json\/wp\/v2\/types\/post"}],"author":[{"embeddable":true,"href":"https:\/\/normaleskildsen.mx\/eduprimaria\/wp-json\/wp\/v2\/users\/1"}],"replies":[{"embeddable":true,"href":"https:\/\/normaleskildsen.mx\/eduprimaria\/wp-json\/wp\/v2\/comments?post=4592"}],"version-history":[{"count":1,"href":"https:\/\/normaleskildsen.mx\/eduprimaria\/wp-json\/wp\/v2\/posts\/4592\/revisions"}],"predecessor-version":[{"id":4604,"href":"https:\/\/normaleskildsen.mx\/eduprimaria\/wp-json\/wp\/v2\/posts\/4592\/revisions\/4604"}],"wp:featuredmedia":[{"embeddable":true,"href":"https:\/\/normaleskildsen.mx\/eduprimaria\/wp-json\/wp\/v2\/media\/4601"}],"wp:attachment":[{"href":"https:\/\/normaleskildsen.mx\/eduprimaria\/wp-json\/wp\/v2\/media?parent=4592"}],"wp:term":[{"taxonomy":"category","embeddable":true,"href":"https:\/\/normaleskildsen.mx\/eduprimaria\/wp-json\/wp\/v2\/categories?post=4592"},{"taxonomy":"post_tag","embeddable":true,"href":"https:\/\/normaleskildsen.mx\/eduprimaria\/wp-json\/wp\/v2\/tags?post=4592"}],"curies":[{"name":"wp","href":"https:\/\/api.w.org\/{rel}","templated":true}]}}