{"id":4259,"date":"2026-03-02T20:58:50","date_gmt":"2026-03-02T20:58:50","guid":{"rendered":"https:\/\/normaleskildsen.mx\/eduprimaria\/?p=4259"},"modified":"2026-03-05T21:32:45","modified_gmt":"2026-03-05T21:32:45","slug":"compromiso-ambiental-y-sensibilidad-social","status":"publish","type":"post","link":"https:\/\/normaleskildsen.mx\/eduprimaria\/compromiso-ambiental-y-sensibilidad-social\/","title":{"rendered":"Compromiso ambiental y sensibilidad social"},"content":{"rendered":"\n<p><\/p>\n\n\n\n<p>La Escuela Normal de Educaci\u00f3n Primaria \u201cRosario Mar\u00eda Guti\u00e9rrez Eskildsen\u201d, en coordinaci\u00f3n con las acciones impulsadas desde la Subdirecci\u00f3n Acad\u00e9mica y a trav\u00e9s del enlace de la Red EcoNormales, Dra. Lillian Ivonne Hern\u00e1ndez Zeind, desarrolla iniciativas orientadas a fortalecer la conciencia socioambiental en la formaci\u00f3n de futuras y futuros docentes.<\/p>\n\n\n\n<p>En este marco institucional se llev\u00f3 a cabo un encuentro con el equipo de recolecci\u00f3n de limpia p\u00fablica del Municipio de Centro, Tabasco, como un espacio de reconocimiento al trabajo que realizan diariamente en favor de la salud ambiental de la comunidad. De manera especial se reconoce la labor de Juan Pacheco y de sus compa\u00f1eros, cuya labor cotidiana contribuye al cuidado del entorno y al bienestar colectivo.<\/p>\n\n\n\n<p>Esta iniciativa se sustenta en tres ejes fundamentales. En primer lugar, la dignificaci\u00f3n laboral, promoviendo la formaci\u00f3n de docentes con sensibilidad social que valoren el esfuerzo humano que sostiene los servicios p\u00fablicos. En segundo t\u00e9rmino, la corresponsabilidad, entendida como el reconocimiento de que el cuidado del entorno es una tarea colectiva basada en el respeto y la participaci\u00f3n consciente. Finalmente, la educaci\u00f3n integral, que concibe la formaci\u00f3n ambiental m\u00e1s all\u00e1 del aula y reconoce el aporte de quienes contribuyen diariamente al equilibrio y la limpieza de los espacios comunes.<\/p>\n\n\n\n<p class=\"has-tiny-font-size\" style=\"padding-top:var(--wp--preset--spacing--30);padding-bottom:var(--wp--preset--spacing--30)\">Educar en lo ambiental implica no solo reflexionar sobre la naturaleza, sino tambi\u00e9n reconocer la dignidad de quienes, mediante su trabajo cotidiano, contribuyen a su cuidado y preservaci\u00f3n.<\/p>\n\n\n\n<p class=\"has-tiny-font-size\" style=\"padding-top:var(--wp--preset--spacing--30);padding-bottom:var(--wp--preset--spacing--30)\">&#8220;Por el Saber la Libertad.&#8221;<\/p>\n\n\n\n<div class=\"wp-block-essential-blocks-shape-divider  root-eb-shape-divider-bv2i6\"><div class=\"eb-parent-wrapper eb-parent-eb-shape-divider-bv2i6 \"><div class=\"eb-shape-divider-wrapper eb-shape-divider-bv2i6\"><div class=\"eb-shape-divider eb-shape-divider-top\" data-shape=\"style_1\" data-negative=\"false\"><svg xmlns=\"http:\/\/www.w3.org\/2000\/svg\" fill=\"none\" viewBox=\"0 0 1000 100\" preserveAspectRatio=\"none\"><g clip-path=\"url(#eb-shape-divider-ocean-wave)\"><path class=\"eb-shape-divider-fill\" fill=\"#715AFF\" d=\"M0 97.79S101.82-.97 283.17 5.23c203.09 0 290.46 94.4 716.83 94.4V0H0v97.79Z\"><\/path><\/g><defs><clipPath id=\"eb-shape-divider-ocean-wave\"><path fill=\"#fff\" class=\"eb-shape-divider-fill\" d=\"M0 0h1000v99.62H0z\"><\/path><\/clipPath><\/defs><\/svg><\/div><\/div><\/div><\/div>\n\n\n\n<figure class=\"wp-block-gallery has-nested-images columns-default is-cropped wp-block-gallery-1 is-layout-flex wp-block-gallery-is-layout-flex\"><\/figure>\n","protected":false},"excerpt":{"rendered":"<p>La Escuela Normal de Educaci\u00f3n Primaria \u201cRosario Mar\u00eda Guti\u00e9rrez Eskildsen\u201d, en coordinaci\u00f3n con las acciones impulsadas desde la Subdirecci\u00f3n Acad\u00e9mica y a trav\u00e9s del enlace de la Red EcoNormales, Dra. Lillian Ivonne Hern\u00e1ndez Zeind, desarrolla iniciativas orientadas a fortalecer la conciencia socioambiental en la formaci\u00f3n de futuras y futuros docentes. En este marco institucional se llev\u00f3 a cabo un encuentro con el equipo de recolecci\u00f3n de limpia p\u00fablica del Municipio de Centro, Tabasco, como un espacio de reconocimiento al trabajo que realizan diariamente en favor de la salud ambiental de la comunidad. De manera especial se reconoce la labor de<\/p>\n","protected":false},"author":1,"featured_media":4283,"comment_status":"closed","ping_status":"open","sticky":false,"template":"","format":"standard","meta":{"_eb_attr":"","h5ap_radio_sources":[],"footnotes":""},"categories":[1],"tags":[31,46],"class_list":["post-4259","post","type-post","status-publish","format-standard","has-post-thumbnail","hentry","category-blog","tag-eco-normales","tag-red-eco-normales"],"_links":{"self":[{"href":"https:\/\/normaleskildsen.mx\/eduprimaria\/wp-json\/wp\/v2\/posts\/4259","targetHints":{"allow":["GET"]}}],"collection":[{"href":"https:\/\/normaleskildsen.mx\/eduprimaria\/wp-json\/wp\/v2\/posts"}],"about":[{"href":"https:\/\/normaleskildsen.mx\/eduprimaria\/wp-json\/wp\/v2\/types\/post"}],"author":[{"embeddable":true,"href":"https:\/\/normaleskildsen.mx\/eduprimaria\/wp-json\/wp\/v2\/users\/1"}],"replies":[{"embeddable":true,"href":"https:\/\/normaleskildsen.mx\/eduprimaria\/wp-json\/wp\/v2\/comments?post=4259"}],"version-history":[{"count":1,"href":"https:\/\/normaleskildsen.mx\/eduprimaria\/wp-json\/wp\/v2\/posts\/4259\/revisions"}],"predecessor-version":[{"id":4284,"href":"https:\/\/normaleskildsen.mx\/eduprimaria\/wp-json\/wp\/v2\/posts\/4259\/revisions\/4284"}],"wp:featuredmedia":[{"embeddable":true,"href":"https:\/\/normaleskildsen.mx\/eduprimaria\/wp-json\/wp\/v2\/media\/4283"}],"wp:attachment":[{"href":"https:\/\/normaleskildsen.mx\/eduprimaria\/wp-json\/wp\/v2\/media?parent=4259"}],"wp:term":[{"taxonomy":"category","embeddable":true,"href":"https:\/\/normaleskildsen.mx\/eduprimaria\/wp-json\/wp\/v2\/categories?post=4259"},{"taxonomy":"post_tag","embeddable":true,"href":"https:\/\/normaleskildsen.mx\/eduprimaria\/wp-json\/wp\/v2\/tags?post=4259"}],"curies":[{"name":"wp","href":"https:\/\/api.w.org\/{rel}","templated":true}]}}