{"id":3109,"date":"2025-10-07T02:20:56","date_gmt":"2025-10-07T02:20:56","guid":{"rendered":"https:\/\/normaleskildsen.mx\/eduprimaria\/?p=3109"},"modified":"2025-10-09T02:27:45","modified_gmt":"2025-10-09T02:27:45","slug":"clubes-de-lectura","status":"publish","type":"post","link":"https:\/\/normaleskildsen.mx\/eduprimaria\/clubes-de-lectura\/","title":{"rendered":"Clubes de Lectura"},"content":{"rendered":"\n<p class=\"has-tiny-font-size\" style=\"padding-top:var(--wp--preset--spacing--30);padding-bottom:var(--wp--preset--spacing--30)\">El d\u00eda de hoy, martes 7 de octubre, en el auditorio de nuestra instituci\u00f3n, el Club de Lectura \u201cBeatriz P\u00e9rez Pereda\u201d present\u00f3 la actividad \u201cLo que se escucha en mi M\u00e9xico\u201d, una emotiva exposici\u00f3n de leyendas mexicanas que cautiv\u00f3 a ni\u00f1as, ni\u00f1os y p\u00fablico en general.<\/p>\n\n\n\n<p>Asimismo, el Club de Lectura \u201cJos\u00e9 Narciso Rovirosa Andrade\u201d dio la bienvenida a sus invitados especiales con un kit de bienvenida, coronas y refrigerios, adem\u00e1s de presentar la obra <strong>\u201cJuntos Construyendo\u201d<\/strong>, preparada con entusiasmo por las y los estudiantes normalistas.<\/p>\n\n\n\n<p>Nuestros invitados especiales fueron alumnas y alumnos de segundo grado de la Escuela Primaria \u201cJos\u00e9 Morgas Garc\u00eda\u201d, quienes, junto con la comunidad normalista, disfrutaron de la representaci\u00f3n de algunas de las leyendas m\u00e1s populares de nuestro pa\u00eds.<\/p>\n\n\n\n<p>La Mtra. Nancy del Roc\u00edo de la Cruz dio la m\u00e1s cordial bienvenida a las invitadas especiales: la directora de la Escuela Primaria \u201cJos\u00e9 Morgas Garc\u00eda\u201d y la poeta tabasque\u00f1a Erika Rodr\u00edguez Padr\u00f3n.<\/p>\n\n\n\n<p>La inauguraci\u00f3n estuvo a cargo de la Dra. Jenny del Rosario Jim\u00e9nez Dami\u00e1n y el Dr. Alfonso Serra Dom\u00ednguez, subdirectores de nuestra instituci\u00f3n, quienes dieron el banderazo de salida a esta serie de actividades dedicadas a la promoci\u00f3n de la lectura y la literatura.<\/p>\n\n\n\n<p>Durante las presentaciones, las y los estudiantes normalistas dieron vida a las historias mediante caracterizaciones e interpretaciones llenas de creatividad, contando tambi\u00e9n con la participaci\u00f3n especial de la Mtra. Marlene Hern\u00e1ndez Hern\u00e1ndez.<\/p>\n\n\n\n<p class=\"has-tiny-font-size\" style=\"padding-top:var(--wp--preset--spacing--30);padding-bottom:var(--wp--preset--spacing--30)\">Sin duda, fue una actividad enriquecedora que fomenta el amor por la lectura, la expresi\u00f3n art\u00edstica y la preservaci\u00f3n de nuestras tradiciones mexicanas, reafirmando el compromiso de nuestra comunidad educativa con la formaci\u00f3n cultural y humanista.<\/p>\n\n\n\n<p class=\"has-tiny-font-size\" style=\"padding-top:var(--wp--preset--spacing--30);padding-bottom:var(--wp--preset--spacing--30)\">&#8220;Por el Saber la Libertad.&#8221;<\/p>\n\n\n\n<div class=\"wp-block-essential-blocks-shape-divider  root-eb-shape-divider-bv2i6\"><div class=\"eb-parent-wrapper eb-parent-eb-shape-divider-bv2i6 \"><div class=\"eb-shape-divider-wrapper eb-shape-divider-bv2i6\"><div class=\"eb-shape-divider eb-shape-divider-top\" data-shape=\"style_1\" data-negative=\"false\"><svg xmlns=\"http:\/\/www.w3.org\/2000\/svg\" fill=\"none\" viewBox=\"0 0 1000 100\" preserveAspectRatio=\"none\"><g clip-path=\"url(#eb-shape-divider-ocean-wave)\"><path class=\"eb-shape-divider-fill\" fill=\"#715AFF\" d=\"M0 97.79S101.82-.97 283.17 5.23c203.09 0 290.46 94.4 716.83 94.4V0H0v97.79Z\"><\/path><\/g><defs><clipPath id=\"eb-shape-divider-ocean-wave\"><path fill=\"#fff\" class=\"eb-shape-divider-fill\" d=\"M0 0h1000v99.62H0z\"><\/path><\/clipPath><\/defs><\/svg><\/div><\/div><\/div><\/div>\n\n\n\n<figure class=\"wp-block-gallery has-nested-images columns-default is-cropped wp-block-gallery-1 is-layout-flex wp-block-gallery-is-layout-flex\">\n<figure class=\"wp-block-image size-large\"><img decoding=\"async\" width=\"886\" height=\"590\" data-id=\"3114\" src=\"https:\/\/normaleskildsen.mx\/eduprimaria\/wp-content\/uploads\/2025\/10\/image-23.png\" alt=\"\" class=\"wp-image-3114\" srcset=\"https:\/\/normaleskildsen.mx\/eduprimaria\/wp-content\/uploads\/2025\/10\/image-23.png 886w, https:\/\/normaleskildsen.mx\/eduprimaria\/wp-content\/uploads\/2025\/10\/image-23-300x200.png 300w, https:\/\/normaleskildsen.mx\/eduprimaria\/wp-content\/uploads\/2025\/10\/image-23-768x511.png 768w\" sizes=\"(max-width: 886px) 100vw, 886px\" \/><\/figure>\n\n\n\n<figure class=\"wp-block-image size-large\"><img decoding=\"async\" width=\"886\" height=\"590\" data-id=\"3117\" src=\"https:\/\/normaleskildsen.mx\/eduprimaria\/wp-content\/uploads\/2025\/10\/image-26.png\" alt=\"\" class=\"wp-image-3117\" srcset=\"https:\/\/normaleskildsen.mx\/eduprimaria\/wp-content\/uploads\/2025\/10\/image-26.png 886w, https:\/\/normaleskildsen.mx\/eduprimaria\/wp-content\/uploads\/2025\/10\/image-26-300x200.png 300w, https:\/\/normaleskildsen.mx\/eduprimaria\/wp-content\/uploads\/2025\/10\/image-26-768x511.png 768w\" sizes=\"(max-width: 886px) 100vw, 886px\" \/><\/figure>\n\n\n\n<figure class=\"wp-block-image size-large\"><img decoding=\"async\" width=\"886\" height=\"590\" data-id=\"3116\" src=\"https:\/\/normaleskildsen.mx\/eduprimaria\/wp-content\/uploads\/2025\/10\/image-25.png\" alt=\"\" class=\"wp-image-3116\" srcset=\"https:\/\/normaleskildsen.mx\/eduprimaria\/wp-content\/uploads\/2025\/10\/image-25.png 886w, https:\/\/normaleskildsen.mx\/eduprimaria\/wp-content\/uploads\/2025\/10\/image-25-300x200.png 300w, https:\/\/normaleskildsen.mx\/eduprimaria\/wp-content\/uploads\/2025\/10\/image-25-768x511.png 768w\" sizes=\"(max-width: 886px) 100vw, 886px\" \/><\/figure>\n<\/figure>\n","protected":false},"excerpt":{"rendered":"<p>El d\u00eda de hoy, martes 7 de octubre, en el auditorio de nuestra instituci\u00f3n, el Club de Lectura \u201cBeatriz P\u00e9rez Pereda\u201d present\u00f3 la actividad \u201cLo que se escucha en mi M\u00e9xico\u201d, una emotiva exposici\u00f3n de leyendas mexicanas que cautiv\u00f3 a ni\u00f1as, ni\u00f1os y p\u00fablico en general. Asimismo, el Club de Lectura \u201cJos\u00e9 Narciso Rovirosa Andrade\u201d dio la bienvenida a sus invitados especiales con un kit de bienvenida, coronas y refrigerios, adem\u00e1s de presentar la obra \u201cJuntos Construyendo\u201d, preparada con entusiasmo por las y los estudiantes normalistas. Nuestros invitados especiales fueron alumnas y alumnos de segundo grado de la Escuela Primaria<\/p>\n","protected":false},"author":1,"featured_media":3115,"comment_status":"closed","ping_status":"open","sticky":false,"template":"","format":"standard","meta":{"_eb_attr":"","h5ap_radio_sources":[],"footnotes":""},"categories":[1],"tags":[55],"class_list":["post-3109","post","type-post","status-publish","format-standard","has-post-thumbnail","hentry","category-blog","tag-festejos-normalistas"],"_links":{"self":[{"href":"https:\/\/normaleskildsen.mx\/eduprimaria\/wp-json\/wp\/v2\/posts\/3109","targetHints":{"allow":["GET"]}}],"collection":[{"href":"https:\/\/normaleskildsen.mx\/eduprimaria\/wp-json\/wp\/v2\/posts"}],"about":[{"href":"https:\/\/normaleskildsen.mx\/eduprimaria\/wp-json\/wp\/v2\/types\/post"}],"author":[{"embeddable":true,"href":"https:\/\/normaleskildsen.mx\/eduprimaria\/wp-json\/wp\/v2\/users\/1"}],"replies":[{"embeddable":true,"href":"https:\/\/normaleskildsen.mx\/eduprimaria\/wp-json\/wp\/v2\/comments?post=3109"}],"version-history":[{"count":1,"href":"https:\/\/normaleskildsen.mx\/eduprimaria\/wp-json\/wp\/v2\/posts\/3109\/revisions"}],"predecessor-version":[{"id":3118,"href":"https:\/\/normaleskildsen.mx\/eduprimaria\/wp-json\/wp\/v2\/posts\/3109\/revisions\/3118"}],"wp:featuredmedia":[{"embeddable":true,"href":"https:\/\/normaleskildsen.mx\/eduprimaria\/wp-json\/wp\/v2\/media\/3115"}],"wp:attachment":[{"href":"https:\/\/normaleskildsen.mx\/eduprimaria\/wp-json\/wp\/v2\/media?parent=3109"}],"wp:term":[{"taxonomy":"category","embeddable":true,"href":"https:\/\/normaleskildsen.mx\/eduprimaria\/wp-json\/wp\/v2\/categories?post=3109"},{"taxonomy":"post_tag","embeddable":true,"href":"https:\/\/normaleskildsen.mx\/eduprimaria\/wp-json\/wp\/v2\/tags?post=3109"}],"curies":[{"name":"wp","href":"https:\/\/api.w.org\/{rel}","templated":true}]}}